[{"@context":"https:\/\/schema.org\/","@type":"Article","@id":"https:\/\/www.artsalons.cz\/pomuzeme-vam-vyresit-otazku-s-bydlenim\/#Article","mainEntityOfPage":"https:\/\/www.artsalons.cz\/pomuzeme-vam-vyresit-otazku-s-bydlenim\/","headline":"Pom\u016f\u017eeme v\u00e1m vy\u0159e\u0161it ot\u00e1zku s bydlen\u00edm","name":"Pom\u016f\u017eeme v\u00e1m vy\u0159e\u0161it ot\u00e1zku s bydlen\u00edm","description":"Bydl\u00edte v byt\u011b mal\u00fdch rozm\u011br\u016f a \u010dek\u00e1te p\u0159\u00edr\u016fstek do rodiny? U\u017e te\u010f v\u00e1m naskakuje hus\u00ed k\u016f\u017ee z p\u0159edstavy, jak se tady budete v\u0161ichni t\u00edsnit? Mal\u00fd &hellip; ","datePublished":"2023-10-10","dateModified":"2023-10-10","author":{"@type":"Person","@id":"https:\/\/www.artsalons.cz\/author\/#Person","name":"","url":"https:\/\/www.artsalons.cz\/author\/","identifier":1,"image":{"@type":"ImageObject","@id":"https:\/\/secure.gravatar.com\/avatar\/f5ad5dcd5c02ecc0fdaf1fe4b2e9a39ad5c5cc2b614885090f6f77b1ccabb3a9?s=96&d=mm&r=g","url":"https:\/\/secure.gravatar.com\/avatar\/f5ad5dcd5c02ecc0fdaf1fe4b2e9a39ad5c5cc2b614885090f6f77b1ccabb3a9?s=96&d=mm&r=g","height":96,"width":96}},"publisher":{"@type":"Organization","name":"artsalons.cz","logo":{"@type":"ImageObject","@id":"\/logo.png","url":"\/logo.png","width":600,"height":60}},"url":"https:\/\/www.artsalons.cz\/pomuzeme-vam-vyresit-otazku-s-bydlenim\/","wordCount":410,"articleBody":"       Bydl\u00edte v byt\u011b mal\u00fdch rozm\u011br\u016f a \u010dek\u00e1te p\u0159\u00edr\u016fstek do rodiny? U\u017e te\u010f v\u00e1m naskakuje hus\u00ed k\u016f\u017ee z p\u0159edstavy, jak se tady budete v\u0161ichni t\u00edsnit? Mal\u00fd byt je vhodn\u00fd tak pro jednotlivce, kte\u0159\u00ed v nejbli\u017e\u0161\u00ed dob\u011b nepl\u00e1nuj\u00ed zalo\u017een\u00ed rodiny. Pro ty, kdo rodinu ji\u017e maj\u00ed nebo \u010dekaj\u00ed dal\u0161\u00ed p\u0159\u00edr\u016fstek do rodiny, je byt mal\u00fdch rozm\u011br\u016f nedosta\u010duj\u00edc\u00ed. Krom\u011b toho, \u017ee rodi\u010de pot\u0159ebuj\u00ed sv\u00e9 soukrom\u00ed, bude ho pot\u0159ebovat i \u010derstv\u011b narozen\u00e9 miminko. V\u011bt\u0161inu mlad\u00fdch rodin ale tr\u00e1p\u00ed nedostate\u010dn\u00e1 finan\u010dn\u00ed rezerva, kter\u00e1 by jim umo\u017enila po\u0159\u00eddit si byt v\u011bt\u0161\u00ed. O nov\u00e9m dom\u011b nemluv\u011b. Pro za\u010d\u00ednaj\u00edc\u00ed mlad\u00e9 rodiny m\u00e1me v na\u0161\u00ed nab\u00eddce mobiln\u00ed domy celoro\u010dn\u00ed, za cenu, kterou jsou schopni zvl\u00e1dnout. Jejich pouh\u00fdm \u00fakolem bude v\u00fdb\u011br pozemku a o zbytek se u\u017e postar\u00e1me pouze my.  Vym\u011b\u0148te chaos za klid v p\u0159\u00edrod\u011b Bydlen\u00ed ve m\u011bst\u011b p\u0159in\u00e1\u0161\u00ed n\u011bkter\u00fdm lidem doslova utrpen\u00ed. M\u016f\u017eou to b\u00fdt lid\u00e9 star\u0161\u00ed nebo taky rodiny s d\u011btmi. Dne\u0161n\u00ed doba je chaotick\u00e1 sama o sob\u011b a spousta lid\u00ed tou\u017e\u00ed bydlet v tichu a na klidn\u00e9m m\u00edst\u011b. I pro d\u011bti je mnohem lep\u0161\u00ed b\u00fdt \u010dast\u011bji v p\u0159\u00edrod\u011b ne\u017e v zadu\u0161en\u00e9m m\u011bst\u011b. P\u0159in\u00e1\u0161\u00edme v\u00e1m n\u00e1pomoc p\u0159i v\u00fdb\u011bru vhodn\u00e9ho obydl\u00ed, kter\u00e9 m\u016f\u017eete st\u011bhovat, kde se v\u00e1m zachce a na m\u00edsta, kter\u00e1 m\u00e1te nejrad\u011bji. Va\u0161e d\u011bti budou v\u00edce na \u010derstv\u00e9m vzduchu a star\u0161\u00ed lid\u00e9 si budou moci u\u017e\u00edvat klidu a pohody, kter\u00e9 jim na\u0161e bydlen\u00ed nab\u00edz\u00ed. Za\u010dn\u011bte b\u00fdt kone\u010dn\u011b samostatn\u00ed Spousta mlad\u00fdch lid\u00ed dnes \u0159e\u0161\u00ed ot\u00e1zku sv\u00e9ho bydlen\u00ed. Jsou jedinci, kte\u0159\u00ed by se od sv\u00fdch rodi\u010d\u016f kv\u016fli sv\u00e9 pohodlnosti nikdy neodst\u011bhovali, ale jsou i takov\u00ed, kte\u0159\u00ed se tou\u017e\u00ed osamostatnit a za\u010d\u00edt \u017e\u00edt sv\u016fj \u017eivot po sv\u00e9m. Pro tyto nad\u0161ence, kte\u0159\u00ed cht\u011bj\u00ed odstartovat do sv\u00e9ho \u017eivota s nov\u00fdm bydlen\u00edm, m\u00e1me nab\u00eddku, kter\u00e1 se jim bude ur\u010dit\u011b l\u00edbit. Proto\u017ee moc dob\u0159e v\u00edme, \u017ee svoboda je pro n\u011b nadev\u0161e. S po\u0159izovac\u00ed cenou si l\u00e1mat hlavu nemus\u00ed, je toti\u017e lido                                                                                                                                                                                                                                                                                                                                                                                          4\/5 - (12 votes)        "},{"@context":"https:\/\/schema.org\/","@type":"BreadcrumbList","itemListElement":[{"@type":"ListItem","position":1,"name":"Pom\u016f\u017eeme v\u00e1m vy\u0159e\u0161it ot\u00e1zku s bydlen\u00edm","item":"https:\/\/www.artsalons.cz\/pomuzeme-vam-vyresit-otazku-s-bydlenim\/#breadcrumbitem"}]}]