[{"@context":"https:\/\/schema.org\/","@type":"Blog","@id":"https:\/\/www.artsalons.cz#Blog","headline":"Artsalons","description":"\nJsou zem\u011b, kter\u00e9 se vyzna\u010duj\u00ed vysokou ekonomickou \u00farovn\u00ed, a jsou i ty, je\u017e jsou v\u00a0tomto ohledu pozadu. A situace zem\u00ed ovliv\u0148uje i \u017eivot jejich obyvatel.","url":"https:\/\/www.artsalons.cz","hasPart":[{"@type":"Article","@id":"https:\/\/www.artsalons.cz\/nejlepsi-stavitele\/","headline":"Nejlep\u0161\u00ed stavitel\u00e9","url":"https:\/\/www.artsalons.cz\/nejlepsi-stavitele\/","datePublished":"2024-04-15","dateModified":"2024-04-15","mainEntityOfPage":"https:\/\/www.artsalons.cz\/nejlepsi-stavitele\/","author":{"@type":"Person","@id":"https:\/\/www.artsalons.cz\/author\/#Person","name":"","url":"https:\/\/www.artsalons.cz\/author\/","identifier":1,"image":{"@type":"ImageObject","@id":"https:\/\/secure.gravatar.com\/avatar\/f5ad5dcd5c02ecc0fdaf1fe4b2e9a39ad5c5cc2b614885090f6f77b1ccabb3a9?s=96&d=mm&r=g","url":"https:\/\/secure.gravatar.com\/avatar\/f5ad5dcd5c02ecc0fdaf1fe4b2e9a39ad5c5cc2b614885090f6f77b1ccabb3a9?s=96&d=mm&r=g","height":96,"width":96}},"publisher":{"@type":"Organization","name":"artsalons.cz","logo":{"@type":"ImageObject","@id":"\/logo.png","url":"\/logo.png","width":600,"height":60}},"image":null,"wordCount":290,"keywords":null},{"@type":"Article","@id":"https:\/\/www.artsalons.cz\/na-maturitni-ples\/","headline":"Na maturitn\u00ed ples","url":"https:\/\/www.artsalons.cz\/na-maturitni-ples\/","datePublished":"2024-04-11","dateModified":"2024-04-11","mainEntityOfPage":"https:\/\/www.artsalons.cz\/na-maturitni-ples\/","author":{"@type":"Person","@id":"https:\/\/www.artsalons.cz\/author\/#Person","name":"","url":"https:\/\/www.artsalons.cz\/author\/","identifier":1,"image":{"@type":"ImageObject","@id":"https:\/\/secure.gravatar.com\/avatar\/f5ad5dcd5c02ecc0fdaf1fe4b2e9a39ad5c5cc2b614885090f6f77b1ccabb3a9?s=96&d=mm&r=g","url":"https:\/\/secure.gravatar.com\/avatar\/f5ad5dcd5c02ecc0fdaf1fe4b2e9a39ad5c5cc2b614885090f6f77b1ccabb3a9?s=96&d=mm&r=g","height":96,"width":96}},"publisher":{"@type":"Organization","name":"artsalons.cz","logo":{"@type":"ImageObject","@id":"\/logo.png","url":"\/logo.png","width":600,"height":60}},"image":null,"wordCount":283,"keywords":null},{"@type":"Article","@id":"https:\/\/www.artsalons.cz\/zdaleka-jeste-neznate-vsechny-moznosti\/","headline":"Zdaleka je\u0161t\u011b nezn\u00e1te v\u0161echny mo\u017enosti\u2026","url":"https:\/\/www.artsalons.cz\/zdaleka-jeste-neznate-vsechny-moznosti\/","datePublished":"2024-04-04","dateModified":"2024-04-04","mainEntityOfPage":"https:\/\/www.artsalons.cz\/zdaleka-jeste-neznate-vsechny-moznosti\/","author":{"@type":"Person","@id":"https:\/\/www.artsalons.cz\/author\/#Person","name":"","url":"https:\/\/www.artsalons.cz\/author\/","identifier":1,"image":{"@type":"ImageObject","@id":"https:\/\/secure.gravatar.com\/avatar\/f5ad5dcd5c02ecc0fdaf1fe4b2e9a39ad5c5cc2b614885090f6f77b1ccabb3a9?s=96&d=mm&r=g","url":"https:\/\/secure.gravatar.com\/avatar\/f5ad5dcd5c02ecc0fdaf1fe4b2e9a39ad5c5cc2b614885090f6f77b1ccabb3a9?s=96&d=mm&r=g","height":96,"width":96}},"publisher":{"@type":"Organization","name":"artsalons.cz","logo":{"@type":"ImageObject","@id":"\/logo.png","url":"\/logo.png","width":600,"height":60}},"image":null,"wordCount":258,"keywords":null},{"@type":"Article","@id":"https:\/\/www.artsalons.cz\/spektrum-prijemnych-moznosti-je-vam-otevreno\/","headline":"Spektrum p\u0159\u00edjemn\u00fdch mo\u017enost\u00ed je V\u00e1m otev\u0159eno","url":"https:\/\/www.artsalons.cz\/spektrum-prijemnych-moznosti-je-vam-otevreno\/","datePublished":"2024-03-28","dateModified":"2024-03-28","mainEntityOfPage":"https:\/\/www.artsalons.cz\/spektrum-prijemnych-moznosti-je-vam-otevreno\/","author":{"@type":"Person","@id":"https:\/\/www.artsalons.cz\/author\/#Person","name":"","url":"https:\/\/www.artsalons.cz\/author\/","identifier":1,"image":{"@type":"ImageObject","@id":"https:\/\/secure.gravatar.com\/avatar\/f5ad5dcd5c02ecc0fdaf1fe4b2e9a39ad5c5cc2b614885090f6f77b1ccabb3a9?s=96&d=mm&r=g","url":"https:\/\/secure.gravatar.com\/avatar\/f5ad5dcd5c02ecc0fdaf1fe4b2e9a39ad5c5cc2b614885090f6f77b1ccabb3a9?s=96&d=mm&r=g","height":96,"width":96}},"publisher":{"@type":"Organization","name":"artsalons.cz","logo":{"@type":"ImageObject","@id":"\/logo.png","url":"\/logo.png","width":600,"height":60}},"image":null,"wordCount":256,"keywords":null},{"@type":"Article","@id":"https:\/\/www.artsalons.cz\/stehovani-na-klic-aneb-vezmete-si-pro-stehovani-dovolenou\/","headline":"St\u011bhov\u00e1n\u00ed na kl\u00ed\u010d aneb vezm\u011bte si pro st\u011bhov\u00e1n\u00ed dovolenou","url":"https:\/\/www.artsalons.cz\/stehovani-na-klic-aneb-vezmete-si-pro-stehovani-dovolenou\/","datePublished":"2024-02-19","dateModified":"2024-02-19","mainEntityOfPage":"https:\/\/www.artsalons.cz\/stehovani-na-klic-aneb-vezmete-si-pro-stehovani-dovolenou\/","author":{"@type":"Person","@id":"https:\/\/www.artsalons.cz\/author\/#Person","name":"","url":"https:\/\/www.artsalons.cz\/author\/","identifier":1,"image":{"@type":"ImageObject","@id":"https:\/\/secure.gravatar.com\/avatar\/f5ad5dcd5c02ecc0fdaf1fe4b2e9a39ad5c5cc2b614885090f6f77b1ccabb3a9?s=96&d=mm&r=g","url":"https:\/\/secure.gravatar.com\/avatar\/f5ad5dcd5c02ecc0fdaf1fe4b2e9a39ad5c5cc2b614885090f6f77b1ccabb3a9?s=96&d=mm&r=g","height":96,"width":96}},"publisher":{"@type":"Organization","name":"artsalons.cz","logo":{"@type":"ImageObject","@id":"\/logo.png","url":"\/logo.png","width":600,"height":60}},"image":{"@type":"ImageObject","@id":"https:\/\/www.artsalons.cz\/wp-content\/uploads\/bubble-wrap-1183727_640_3.jpg","url":"https:\/\/www.artsalons.cz\/wp-content\/uploads\/bubble-wrap-1183727_640_3.jpg","height":0,"width":0},"wordCount":548,"keywords":null},{"@type":"Article","@id":"https:\/\/www.artsalons.cz\/skoncujte-s-pitim-jednou-pro-vzdy\/","headline":"Skoncujte s pit\u00edm jednou pro v\u017edy","url":"https:\/\/www.artsalons.cz\/skoncujte-s-pitim-jednou-pro-vzdy\/","datePublished":"2024-01-13","dateModified":"2024-01-13","mainEntityOfPage":"https:\/\/www.artsalons.cz\/skoncujte-s-pitim-jednou-pro-vzdy\/","author":{"@type":"Person","@id":"https:\/\/www.artsalons.cz\/author\/#Person","name":"","url":"https:\/\/www.artsalons.cz\/author\/","identifier":1,"image":{"@type":"ImageObject","@id":"https:\/\/secure.gravatar.com\/avatar\/f5ad5dcd5c02ecc0fdaf1fe4b2e9a39ad5c5cc2b614885090f6f77b1ccabb3a9?s=96&d=mm&r=g","url":"https:\/\/secure.gravatar.com\/avatar\/f5ad5dcd5c02ecc0fdaf1fe4b2e9a39ad5c5cc2b614885090f6f77b1ccabb3a9?s=96&d=mm&r=g","height":96,"width":96}},"publisher":{"@type":"Organization","name":"artsalons.cz","logo":{"@type":"ImageObject","@id":"\/logo.png","url":"\/logo.png","width":600,"height":60}},"image":null,"wordCount":288,"keywords":null},{"@type":"Article","@id":"https:\/\/www.artsalons.cz\/jistota-je-jistota\/","headline":"Jistota je jistota","url":"https:\/\/www.artsalons.cz\/jistota-je-jistota\/","datePublished":"2024-01-10","dateModified":"2024-01-12","mainEntityOfPage":"https:\/\/www.artsalons.cz\/jistota-je-jistota\/","author":{"@type":"Person","@id":"https:\/\/www.artsalons.cz\/author\/#Person","name":"","url":"https:\/\/www.artsalons.cz\/author\/","identifier":1,"image":{"@type":"ImageObject","@id":"https:\/\/secure.gravatar.com\/avatar\/f5ad5dcd5c02ecc0fdaf1fe4b2e9a39ad5c5cc2b614885090f6f77b1ccabb3a9?s=96&d=mm&r=g","url":"https:\/\/secure.gravatar.com\/avatar\/f5ad5dcd5c02ecc0fdaf1fe4b2e9a39ad5c5cc2b614885090f6f77b1ccabb3a9?s=96&d=mm&r=g","height":96,"width":96}},"publisher":{"@type":"Organization","name":"artsalons.cz","logo":{"@type":"ImageObject","@id":"\/logo.png","url":"\/logo.png","width":600,"height":60}},"image":{"@type":"ImageObject","@id":"https:\/\/www.artsalons.cz\/wp-content\/uploads\/a_10_10_10_10_9.jpg","url":"https:\/\/www.artsalons.cz\/wp-content\/uploads\/a_10_10_10_10_9.jpg","height":0,"width":0},"wordCount":606,"keywords":null},{"@type":"Article","@id":"https:\/\/www.artsalons.cz\/skleniky-presne-na-miru\/","headline":"Sklen\u00edky p\u0159esn\u011b na m\u00edru","url":"https:\/\/www.artsalons.cz\/skleniky-presne-na-miru\/","datePublished":"2023-12-09","dateModified":"2023-12-09","mainEntityOfPage":"https:\/\/www.artsalons.cz\/skleniky-presne-na-miru\/","author":{"@type":"Person","@id":"https:\/\/www.artsalons.cz\/author\/#Person","name":"","url":"https:\/\/www.artsalons.cz\/author\/","identifier":1,"image":{"@type":"ImageObject","@id":"https:\/\/secure.gravatar.com\/avatar\/f5ad5dcd5c02ecc0fdaf1fe4b2e9a39ad5c5cc2b614885090f6f77b1ccabb3a9?s=96&d=mm&r=g","url":"https:\/\/secure.gravatar.com\/avatar\/f5ad5dcd5c02ecc0fdaf1fe4b2e9a39ad5c5cc2b614885090f6f77b1ccabb3a9?s=96&d=mm&r=g","height":96,"width":96}},"publisher":{"@type":"Organization","name":"artsalons.cz","logo":{"@type":"ImageObject","@id":"\/logo.png","url":"\/logo.png","width":600,"height":60}},"image":{"@type":"ImageObject","@id":"https:\/\/www.artsalons.cz\/wp-content\/uploads\/skleneny_sklenik_TFD2lb.jpg","url":"https:\/\/www.artsalons.cz\/wp-content\/uploads\/skleneny_sklenik_TFD2lb.jpg","height":0,"width":0},"wordCount":576,"keywords":null},{"@type":"Article","@id":"https:\/\/www.artsalons.cz\/zeme-javoroveho-listu-zaslouzi-navstevu\/","headline":"Zem\u011b javorov\u00e9ho listu zaslou\u017e\u00ed n\u00e1v\u0161t\u011bvu.","url":"https:\/\/www.artsalons.cz\/zeme-javoroveho-listu-zaslouzi-navstevu\/","datePublished":"2023-12-08","dateModified":"2023-12-12","mainEntityOfPage":"https:\/\/www.artsalons.cz\/zeme-javoroveho-listu-zaslouzi-navstevu\/","author":{"@type":"Person","@id":"https:\/\/www.artsalons.cz\/author\/#Person","name":"","url":"https:\/\/www.artsalons.cz\/author\/","identifier":1,"image":{"@type":"ImageObject","@id":"https:\/\/secure.gravatar.com\/avatar\/f5ad5dcd5c02ecc0fdaf1fe4b2e9a39ad5c5cc2b614885090f6f77b1ccabb3a9?s=96&d=mm&r=g","url":"https:\/\/secure.gravatar.com\/avatar\/f5ad5dcd5c02ecc0fdaf1fe4b2e9a39ad5c5cc2b614885090f6f77b1ccabb3a9?s=96&d=mm&r=g","height":96,"width":96}},"publisher":{"@type":"Organization","name":"artsalons.cz","logo":{"@type":"ImageObject","@id":"\/logo.png","url":"\/logo.png","width":600,"height":60}},"image":{"@type":"ImageObject","@id":"https:\/\/www.artsalons.cz\/wp-content\/uploads\/pexels-james-wheeler-1519088.jpg","url":"https:\/\/www.artsalons.cz\/wp-content\/uploads\/pexels-james-wheeler-1519088.jpg","height":0,"width":0},"wordCount":481,"keywords":null},{"@type":"Article","@id":"https:\/\/www.artsalons.cz\/veterina-praha-4-s-dlouholetou-praxi\/","headline":"Veterina praha 4 s dlouholetou prax\u00ed","url":"https:\/\/www.artsalons.cz\/veterina-praha-4-s-dlouholetou-praxi\/","datePublished":"2023-12-06","dateModified":"2023-12-06","mainEntityOfPage":"https:\/\/www.artsalons.cz\/veterina-praha-4-s-dlouholetou-praxi\/","author":{"@type":"Person","@id":"https:\/\/www.artsalons.cz\/author\/#Person","name":"","url":"https:\/\/www.artsalons.cz\/author\/","identifier":1,"image":{"@type":"ImageObject","@id":"https:\/\/secure.gravatar.com\/avatar\/f5ad5dcd5c02ecc0fdaf1fe4b2e9a39ad5c5cc2b614885090f6f77b1ccabb3a9?s=96&d=mm&r=g","url":"https:\/\/secure.gravatar.com\/avatar\/f5ad5dcd5c02ecc0fdaf1fe4b2e9a39ad5c5cc2b614885090f6f77b1ccabb3a9?s=96&d=mm&r=g","height":96,"width":96}},"publisher":{"@type":"Organization","name":"artsalons.cz","logo":{"@type":"ImageObject","@id":"\/logo.png","url":"\/logo.png","width":600,"height":60}},"image":null,"wordCount":279,"keywords":null}]},{"@context":"https:\/\/schema.org","@type":"WebSite","@id":"https:\/\/www.artsalons.cz\/#website","name":"Artsalons","url":"https:\/\/www.artsalons.cz","potentialAction":{"@type":"SearchAction","target":"https:\/\/www.artsalons.cz\/?s={search_term_string}","query-input":"required name=search_term_string"}}]