[{"@context":"https:\/\/schema.org\/","@type":"Article","@id":"https:\/\/www.artsalons.cz\/do-bulharska-na-dovolenou-k-cernemu-mori\/#Article","mainEntityOfPage":"https:\/\/www.artsalons.cz\/do-bulharska-na-dovolenou-k-cernemu-mori\/","headline":"Do Bulharska na dovolenou k \u010cern\u00e9mu mo\u0159i","name":"Do Bulharska na dovolenou k \u010cern\u00e9mu mo\u0159i","description":"Kr\u00e1tce po sametov\u00e9 revoluci se otev\u0159ely br\u00e1ny Evropy doko\u0159\u00e1n a lid\u00e9 z na\u0161\u00ed zem\u011b ji\u017e nemuseli \u017e\u00e1dat o devizov\u00fd p\u0159\u00edslib a s pros\u00edkem po\u017eadovat \u201epo\u017eehn\u00e1n\u00ed\u201c &hellip; ","datePublished":"2023-06-08","dateModified":"2023-10-10","author":{"@type":"Person","@id":"https:\/\/www.artsalons.cz\/author\/#Person","name":"","url":"https:\/\/www.artsalons.cz\/author\/","identifier":1,"image":{"@type":"ImageObject","@id":"https:\/\/secure.gravatar.com\/avatar\/f5ad5dcd5c02ecc0fdaf1fe4b2e9a39ad5c5cc2b614885090f6f77b1ccabb3a9?s=96&d=mm&r=g","url":"https:\/\/secure.gravatar.com\/avatar\/f5ad5dcd5c02ecc0fdaf1fe4b2e9a39ad5c5cc2b614885090f6f77b1ccabb3a9?s=96&d=mm&r=g","height":96,"width":96}},"publisher":{"@type":"Organization","name":"artsalons.cz","logo":{"@type":"ImageObject","@id":"\/logo.png","url":"\/logo.png","width":600,"height":60}},"image":{"@type":"ImageObject","@id":"https:\/\/www.artsalons.cz\/wp-content\/uploads\/woman-1867908_640.jpg","url":"https:\/\/www.artsalons.cz\/wp-content\/uploads\/woman-1867908_640.jpg","height":0,"width":0},"url":"https:\/\/www.artsalons.cz\/do-bulharska-na-dovolenou-k-cernemu-mori\/","about":["Finance"],"wordCount":488,"articleBody":"       Kr\u00e1tce po sametov\u00e9 revoluci se otev\u0159ely br\u00e1ny Evropy doko\u0159\u00e1n a lid\u00e9 z na\u0161\u00ed zem\u011b ji\u017e nemuseli \u017e\u00e1dat o devizov\u00fd p\u0159\u00edslib a s pros\u00edkem po\u017eadovat \u201epo\u017eehn\u00e1n\u00ed\u201c na dovolenou k mo\u0159i n\u011bkam jinam, ne\u017e do destinac\u00ed zem\u00ed b\u00fdval\u00e9ho socialistick\u00e9ho bloku. A tak se doslova roztrhl pytel se z\u00e1jemci o pobyt v It\u00e1lii, ve \u0160pan\u011blsku, v Portugalsku, na Kan\u00e1rsk\u00fdch ostrovech, v Tunisku, \u0158ecku \u010di na Kypru. M\u00e1lokdo si tuto p\u0159\u00edle\u017eitost nechal uj\u00edt a alespo\u0148 jednou se v\u011bt\u0161ina z n\u00e1s k mo\u0159i do t\u011bchto zem\u00ed pod\u00edvala.   Jak zn\u00e1mo, zak\u00e1zan\u00e9 ovoce chutn\u00e1 nejl\u00edp a hlad po cestov\u00e1n\u00ed do t\u011bchto kon\u010din byl obrovsk\u00fd. Jen\u017ee jak \u0161el \u010das, za\u010dal se pomalu, ale jist\u011b st\u00edrat rozd\u00edl mezi b\u00fdval\u00fdmi socialistick\u00fdmi zem\u011bmi a t\u011bmi kapitalistick\u00fdmi, a mnoz\u00ed lid\u00e9 zjistili, \u017ee jim mnohem v\u00edc vyhovuje ma\u010farsk\u00fd Balaton nebo bulharsk\u00e9 pob\u0159e\u017e\u00ed \u010cern\u00e9ho mo\u0159e. Bylo to d\u00e1no p\u0159\u00edv\u011btiv\u00fdmi cenami i lep\u0161\u00edmi mezilidsk\u00fdmi vztahy a v\u011bt\u0161\u00ed ochotou nab\u00eddnout kvalitn\u00ed slu\u017eby zahrani\u010dn\u00edm n\u00e1v\u0161t\u011bvn\u00edk\u016fm. Bulha\u0159i a Ma\u010fa\u0159i jsou velmi pohostinn\u00ed, a co je tu skute\u010dn\u011b t\u00e9m\u011b\u0159 \u201ebez konkurence\u201c, je kvalita a mno\u017estv\u00ed p\u011bstovan\u00e9ho ovoce a zeleniny.  Dop\u0159\u00e1t si pobyt u \u010cern\u00e9ho mo\u0159e a vym\u011bnit na\u0161i m\u011bnu za bulharsk\u00e9 pen\u00edze m\u00e1 je\u0161t\u011b n\u011bkter\u00e1 pozitiva, o nich\u017e se p\u0159\u00edli\u0161 na ve\u0159ejnosti nemluv\u00ed.  Mo\u0159e t\u00e9m\u011b\u0159 bez potvor \u2013 \u010cern\u00e9 mo\u0159e nen\u00ed tak bohat\u00e9 na r\u016fzn\u00e9 jedovat\u00e9 a nebezpe\u010dn\u00e9 tvory, sice se tu vyskytuj\u00ed n\u011bkter\u00e9 \u017eahav\u00e9 med\u00fazy a je\u017eci s jedov\u00fdmi \u017el\u00e1zami, ale nejsou zpravidla \u017eivot ohro\u017euj\u00edc\u00ed. \u017dij\u00ed tu i dva druhy velk\u00fdch \u017eralok\u016f, nap\u0159\u00edklad kladivoun, ale dosud tu nebyl zaznamen\u00e1n \u00fatok \u017eralokem na \u010dlov\u011bka. Nemus\u00edte m\u00edt tedy z koup\u00e1n\u00ed v Bulharsku obavy, to m\u011bjte v jin\u00fdch mo\u0159\u00edch. P\u0159\u00edjemn\u00e1 salinita \u2013 \u010cern\u00e9 mo\u0159e nen\u00ed p\u0159\u00edli\u0161 slan\u00e9, jeho salinita je p\u0159ibli\u017en\u011b na \u00farovni poloviny chorvatsk\u00e9ho Jadranu, co\u017e n\u011bkter\u00fdm lidem vyhovuje mnohem v\u00edc. I p\u0159esto je v\u0161ak ve vod\u011b dostatek rozpu\u0161t\u011bn\u00fdch miner\u00e1ln\u00edch iont\u016f, tak\u017ee je koup\u00e1n\u00ed v takov\u00e9m mo\u0159i velmi zdrav\u00e9. Dostatek slunce \u2013 Bulharsko pat\u0159\u00ed mezi zem\u011b, kde nejste p\u0159\u00edli\u0161 su\u017eov\u00e1n\u00ed tropick\u00fdmi teplotami, ale kde je z\u00e1rove\u0148 dostate\u010dn\u011b dlouh\u00e1 d\u00e9lka slune\u010dn\u00edho svitu. Nebude to zkr\u00e1tka tak dramatick\u00e9, jako na severu Afriky nebo v zem\u00edch St\u0159edn\u00edho v\u00fdchodu, kde teploty v l\u00e9t\u011b p\u0159esahuj\u00ed celkem b\u011b\u017en\u011b i 40 stup\u0148\u016f Celsia.                                                                                                                                                                                                                                                                                                                                                                                          4.4\/5 - (11 votes)        "},{"@context":"https:\/\/schema.org\/","@type":"BreadcrumbList","itemListElement":[{"@type":"ListItem","position":1,"name":"Do Bulharska na dovolenou k \u010cern\u00e9mu mo\u0159i","item":"https:\/\/www.artsalons.cz\/do-bulharska-na-dovolenou-k-cernemu-mori\/#breadcrumbitem"}]}]