[{"@context":"https:\/\/schema.org\/","@type":"Article","@id":"https:\/\/www.artsalons.cz\/aby-vase-rodinne-foceni-stalo-za-to\/#Article","mainEntityOfPage":"https:\/\/www.artsalons.cz\/aby-vase-rodinne-foceni-stalo-za-to\/","headline":"Aby va\u0161e rodinn\u00e9 focen\u00ed st\u00e1lo za to","name":"Aby va\u0161e rodinn\u00e9 focen\u00ed st\u00e1lo za to","description":"Napadlo v\u00e1s nechat zhotovit fotografie do rodinn\u00e9ho alba, nap\u0159\u00edklad p\u0159i p\u0159\u00edle\u017eitosti svatby, oslavy promoce, kulat\u00fdch narozenin, zlat\u00e9 svatby, narozen\u00ed d\u00edt\u011bte nebo jen tak, pro radost, &hellip; ","datePublished":"2024-07-06","dateModified":"2024-07-06","author":{"@type":"Person","@id":"https:\/\/www.artsalons.cz\/author\/#Person","name":"","url":"https:\/\/www.artsalons.cz\/author\/","identifier":1,"image":{"@type":"ImageObject","@id":"https:\/\/secure.gravatar.com\/avatar\/f5ad5dcd5c02ecc0fdaf1fe4b2e9a39ad5c5cc2b614885090f6f77b1ccabb3a9?s=96&d=mm&r=g","url":"https:\/\/secure.gravatar.com\/avatar\/f5ad5dcd5c02ecc0fdaf1fe4b2e9a39ad5c5cc2b614885090f6f77b1ccabb3a9?s=96&d=mm&r=g","height":96,"width":96}},"publisher":{"@type":"Organization","name":"artsalons.cz","logo":{"@type":"ImageObject","@id":"\/logo.png","url":"\/logo.png","width":600,"height":60}},"image":{"@type":"ImageObject","@id":"https:\/\/www.artsalons.cz\/wp-content\/uploads\/woman-1545885_640_1.jpg","url":"https:\/\/www.artsalons.cz\/wp-content\/uploads\/woman-1545885_640_1.jpg","height":0,"width":0},"url":"https:\/\/www.artsalons.cz\/aby-vase-rodinne-foceni-stalo-za-to\/","about":["Byznys"],"wordCount":433,"articleBody":"       Napadlo v\u00e1s nechat zhotovit fotografie do rodinn\u00e9ho alba, nap\u0159\u00edklad p\u0159i p\u0159\u00edle\u017eitosti svatby, oslavy promoce, kulat\u00fdch narozenin, zlat\u00e9 svatby, narozen\u00ed d\u00edt\u011bte nebo jen tak, pro radost, \u017ee va\u0161e d\u011bti rostou jako z vody a jsou naprosto zdrav\u00e9? A chcete oslovit profesion\u00e1ln\u00edho fotografa, aby ty fotky st\u00e1ly za to? Vyb\u00edrejte pe\u010dliv\u011b prost\u0159ed\u00ed  Rodinn\u00e9 focen\u00ed je z\u00e1bavn\u00e9 samo o sob\u011b, bav\u00edte se vy s va\u0161imi ratolestmi, bav\u00ed se s v\u00e1mi i fotograf. Ten pochopiteln\u011b ct\u00ed va\u0161e po\u017eadavky a vyfotografuje v\u00e1s t\u0159eba na skl\u00e1dce komun\u00e1ln\u00edho odpadu nebo na kovov\u00e9m \u0161roti\u0161ti, ale ta trocha sarkazmu by v\u00e1s m\u011bla nasm\u011brovat k tomu, p\u0159ece jen pe\u010dliv\u011b vyb\u00edrat prost\u0159ed\u00ed, kter\u00e9 m\u00e1 b\u00fdt na sn\u00edmc\u00edch v pozad\u00ed.  Nejkr\u00e1sn\u011bj\u0161\u00ed a nejp\u016fsobiv\u011bj\u0161\u00ed rodinn\u00e9 fotografie jsou v\u017edy z otev\u0159en\u00e9 krajiny v malebn\u00e9 p\u0159\u00edrod\u011b a chcete-li tip na vhodn\u00e1 m\u00edsta, pak by to mohla b\u00fdt okol\u00ed n\u011bkter\u00fdch rozhleden s dalek\u00fdmi v\u00fdhledy (Pet\u0159\u00edn, Ko\u017eova hora u Kladna se sportovn\u00edm leti\u0161t\u011bm, Velk\u00e1 Bukov\u00e1 u Nezabudic, Kr\u00e1lovka u Bed\u0159ichova, Bramberk v Lu\u010danech nad Nisou), anebo vodn\u00ed toky a stojat\u00e9 vody, jako je D\u00edv\u010d\u00ed K\u00e1men na Vltav\u011b, Kra\u0161ov na Berounce a hr\u00e1z rybn\u00edka Ro\u017emberk u T\u0159ebon\u011b s majest\u00e1tn\u00edmi stalet\u00fdmi duby.  Dejte na radu zku\u0161en\u00e9ho fotografa  Mo\u017en\u00e1 to tak\u00e9 zn\u00e1te z vlastn\u00ed zku\u0161enosti \u2013 vyrazili jste na rodinnou dovolenou k mo\u0159i a v\u00e1\u0161 kamar\u00e1d, obda\u0159en\u00fd \u0161pi\u010dkov\u00fdm fotoapar\u00e1tem, se pochlubil, \u017ee v\u00e1s tu zv\u011b\u010dn\u00ed, abyste m\u011bli rodinnou pam\u00e1tku. Na jedn\u00e9 fotce v\u0161ak roste va\u0161\u00ed partnerce z hlavy strom, na druh\u00e9 m\u00e1te u\u0159ezan\u00e9 nohy a nad hlavou je zbyte\u010dn\u011b mnoho modr\u00e9ho nebe, a t\u0159et\u00ed fotka je rozmazan\u00e1. Na zbytek sn\u00edmk\u016f se v\u00e1m u\u017e ani nechce d\u00edvat. Zku\u0161en\u00fd fotograf se pozn\u00e1 nejen podle znalosti fotografick\u00e9 techniky, ale podle schopnosti pracovat s kompozic\u00ed, a to je na profesion\u00e1ln\u00edm focen\u00ed to nejt\u011b\u017e\u0161\u00ed. Zvolit vhodnou kompozici znamen\u00e1 m\u00edt cit pro kr\u00e1su, vn\u00edmat tvary prostorov\u00fdch objekt\u016f, soulad i kontrast barev a sv\u011btlo a st\u00edn. Paradoxn\u011b tak na jednom jedin\u00e9m m\u00edst\u011b zhotov\u00ed prof\u00edk perfektn\u00ed, dokonal\u00fd sn\u00edmek, zat\u00edmco amat\u00e9r naprosto nudn\u00fd, v\u0161edn\u00ed a oby\u010dejn\u00fd z\u00e1b\u011br.                                                                                                                                                                                                                                                                                                                                                                                          4.1\/5 - (8 votes)        "},{"@context":"https:\/\/schema.org\/","@type":"BreadcrumbList","itemListElement":[{"@type":"ListItem","position":1,"name":"Aby va\u0161e rodinn\u00e9 focen\u00ed st\u00e1lo za to","item":"https:\/\/www.artsalons.cz\/aby-vase-rodinne-foceni-stalo-za-to\/#breadcrumbitem"}]}]